{"id":4835,"date":"2024-07-08T14:03:40","date_gmt":"2024-07-08T14:03:40","guid":{"rendered":"https:\/\/thebozz.be\/?p=4835"},"modified":"2024-07-09T07:08:40","modified_gmt":"2024-07-09T07:08:40","slug":"decouvrez-notre-journee-kick-off-de-rentree-janvier-2024","status":"publish","type":"post","link":"https:\/\/thebozz.be\/nl\/decouvrez-notre-journee-kick-off-de-rentree-janvier-2024\/","title":{"rendered":"D\u00e9couvrez notre journ\u00e9e kick-off de rentr\u00e9e (janvier 2024)"},"content":{"rendered":"<div class=\"fusion-fullwidth fullwidth-box fusion-builder-row-1 fusion-flex-container has-pattern-background has-mask-background nonhundred-percent-fullwidth non-hundred-percent-height-scrolling\" style=\"--awb-border-radius-top-left:0px;--awb-border-radius-top-right:0px;--awb-border-radius-bottom-right:0px;--awb-border-radius-bottom-left:0px;--awb-padding-top:-5px;--awb-flex-wrap:wrap;\" ><div class=\"fusion-builder-row fusion-row fusion-flex-align-items-flex-start fusion-flex-content-wrap\" style=\"max-width:1144px;margin-left: calc(-4% \/ 2 );margin-right: calc(-4% \/ 2 );\"><div class=\"fusion-layout-column fusion_builder_column fusion-builder-column-0 fusion_builder_column_1_1 1_1 fusion-flex-column\" style=\"--awb-bg-size:cover;--awb-width-large:100%;--awb-margin-top-large:0px;--awb-spacing-right-large:1.92%;--awb-margin-bottom-large:20px;--awb-spacing-left-large:1.92%;--awb-width-medium:100%;--awb-order-medium:0;--awb-spacing-right-medium:1.92%;--awb-spacing-left-medium:1.92%;--awb-width-small:100%;--awb-order-small:0;--awb-spacing-right-small:1.92%;--awb-spacing-left-small:1.92%;\"><div class=\"fusion-column-wrapper fusion-column-has-shadow fusion-flex-justify-content-flex-start fusion-content-layout-column\"><div class=\"fusion-text fusion-text-1\"><p><iframe title=\"YouTube video player\" src=\"https:\/\/www.youtube.com\/embed\/y5PGWXPZoHI?si=U505gN8GIrSjN9hK\" width=\"560\" height=\"315\" frameborder=\"0\" allowfullscreen=\"allowfullscreen\"><\/iframe><\/p>\n<\/div><div class=\"fusion-text fusion-text-2\"><p>Le kick-off de rentr\u00e9e, c&#8217;est notre tradition pour lancer l&#8217;ann\u00e9e sur les chapeaux de roue ! Cette ann\u00e9e, <a href=\"https:\/\/www.jmmartin.bmw.be\/fr\" target=\"_blank\" rel=\"noopener\">le garage BMW J-M Martin<\/a> nous a ouvert ses portes pour un \u00e9v\u00e9nement marqu\u00e9 par l&#8217;enthousiasme et l&#8217;engagement de tous nos coll\u00e8gues. Cette journ\u00e9e a \u00e9t\u00e9 l&#8217;occasion de se retrouver, de faire le point sur l&#8217;ann\u00e9e \u00e9coul\u00e9e, de fixer nos objectifs pour l&#8217;ann\u00e9e \u00e0 venir, et de renforcer nos comp\u00e9tences \u00e0 travers des formations enrichissantes.<\/p>\n<h2>R\u00e9sultats 2023<\/h2>\n<p>Nous avons commenc\u00e9 la journ\u00e9e par une r\u00e9union, o\u00f9 nous avons partag\u00e9 les r\u00e9sultats et nos bonnes pratiques de l&#8217;ann\u00e9e pass\u00e9e. Ce fut un moment d&#8217;\u00e9change constructif, o\u00f9 nous avons pu analyser nos succ\u00e8s et identifier les domaines n\u00e9cessitant un point focus. Les chiffres parlent d&#8217;eux-m\u00eames : notre agence continue de cro\u00eetre, et nos efforts pour offrir des services de qualit\u00e9 sur le march\u00e9 du recrutement portent leurs fruits.<\/p>\n<h2>Objectifs pour 2024<\/h2>\n<p>Apr\u00e8s avoir pass\u00e9 en revue les r\u00e9sultats, nous avons fix\u00e9 nos objectifs communs pour 2024. Nos ambitions sont grandes, et nous sommes d\u00e9termin\u00e9s \u00e0 continuer sur cette lanc\u00e9e. Nous avons pr\u00e9sent\u00e9 des strat\u00e9gies claires pour atteindre ces objectifs communs, en mettant l&#8217;accent sur l&#8217;innovation, le digital et la croissance commerciale.<\/p>\n<h2>Formations et apprentissage<\/h2>\n<p>Apr\u00e8s une d\u00e9licieuse pause lunch tous ensemble, nous avons consacr\u00e9 notre apr\u00e8s-midi \u00e0 la formation :<\/p>\n<ul>\n<li>Une pr\u00e9sentation du parcours de formation des m\u00e9caniciens chez BMW. Ce qui nous a permis de mieux comprendre ce m\u00e9tier, les diff\u00e9rentes facettes qui le compose et de comprendre le fonctionnement sp\u00e9cifique chez BMW.<\/li>\n<li>Notre derni\u00e8re formation pratico-pratique ChatGPT avec <a href=\"https:\/\/effixis.ch\/\" target=\"_blank\" rel=\"noopener\">Effixis<\/a>, notre partenaire en intelligence artificielle.<\/li>\n<li>Des ateliers pratiques et en \u00e9quipe sur les r\u00e9seaux sociaux.<\/li>\n<\/ul>\n<p>Une partie essentielle de notre kick-off a \u00e9t\u00e9 consacr\u00e9e \u00e0 la formation et au d\u00e9veloppement de nos \u00e9quipes. Des sessions interactives ont \u00e9t\u00e9 organis\u00e9es pour introduire de nouveaux outils et m\u00e9thodes de travail. Nos experts internes ont partag\u00e9 leurs connaissances, et des intervenants externes ont apport\u00e9 des perspectives fra\u00eeches. Ce moment de formation a permis \u00e0 chacun de se sentir mieux \u00e9quip\u00e9 pour relever les d\u00e9fis de l&#8217;ann\u00e9e \u00e0 venir.<\/p>\n<h2>Ambiance et moments de convivialit\u00e9<\/h2>\n<p>Au-del\u00e0 des discussions s\u00e9rieuses, notre kick-off a \u00e9galement \u00e9t\u00e9 marqu\u00e9 par des moments de convivialit\u00e9. Les pauses caf\u00e9, le d\u00e9jeuner et le drink ont \u00e9t\u00e9 des occasions parfaites pour \u00e9changer de mani\u00e8re informelle, renforcer les liens entre coll\u00e8gues et partager des anecdotes. L&#8217;ambiance \u00e9tait chaleureuse et dynamique, refl\u00e9tant l&#8217;esprit d&#8217;\u00e9quipe qui caract\u00e9rise notre agence.<\/p>\n<p>Ce kick-off de rentr\u00e9e 2024 a \u00e9t\u00e9 un grand succ\u00e8s, et il a marqu\u00e9 le d\u00e9but d&#8217;une nouvelle ann\u00e9e pleine de promesses pour notre agence. Nous sommes pr\u00eats \u00e0 relever de nouveaux d\u00e9fis, forts de notre coh\u00e9sion et de notre d\u00e9termination.<\/p>\n<p><strong>Suivez nos actualit\u00e9s<\/strong> pour rester inform\u00e9s de nos avanc\u00e9es et <strong>rejoignez notre \u00e9quipe<\/strong> pour participer \u00e0 cette aventure passionnante !<\/p>\n<\/div><div style=\"text-align:center;\"><a class=\"fusion-button button-flat button-small button-custom fusion-button-default button-1 fusion-button-default-span fusion-button-default-type\" style=\"--button_accent_color:var(--awb-color8);--button_accent_hover_color:var(--awb-color8);--button_border_hover_color:#ffffff;--button-border-radius-top-left:50px;--button-border-radius-top-right:50px;--button-border-radius-bottom-right:50px;--button-border-radius-bottom-left:50px;--button_gradient_top_color:var(--awb-color4);--button_gradient_bottom_color:var(--awb-color4);--button_gradient_top_color_hover:var(--awb-color4);--button_gradient_bottom_color_hover:var(--awb-color4);--button_text_transform:uppercase;--button_margin-top:5px;\" target=\"_blank\" rel=\"noopener noreferrer\" href=\"https:\/\/thebozz.be\/job-search\/?search=&amp;sector=34&amp;search_job=Rechercher\"><span class=\"fusion-button-text\">Rejoindre l&#8217;\u00e9quipe The Bozz<\/span><\/a><\/div><\/div><\/div><\/div><\/div>\n","protected":false},"excerpt":{"rendered":"","protected":false},"author":32,"featured_media":4837,"comment_status":"open","ping_status":"closed","sticky":false,"template":"","format":"standard","meta":{"_acf_changed":false,"footnotes":""},"categories":[1],"tags":[],"class_list":["post-4835","post","type-post","status-publish","format-standard","has-post-thumbnail","hentry","category-uncategorized"],"acf":[],"yoast_head":"<!-- This site is optimized with the Yoast SEO plugin v27.4 - https:\/\/yoast.com\/product\/yoast-seo-wordpress\/ -->\n<title>D\u00e9couvrez notre journ\u00e9e kick-off de rentr\u00e9e (janvier 2024) | thebozz.be<\/title>\n<meta name=\"description\" content=\"D\u00e9couvrez ce qui attend nos \u00e9quipes lors de nos kick-off : r\u00e9sultats, objectifs, motivation mais aussi formations et surtout retrouvailles !\" \/>\n<meta name=\"robots\" content=\"index, follow, max-snippet:-1, max-image-preview:large, max-video-preview:-1\" \/>\n<link rel=\"canonical\" href=\"https:\/\/thebozz.be\/nl\/decouvrez-notre-journee-kick-off-de-rentree-janvier-2024\/\" \/>\n<meta name=\"twitter:card\" content=\"summary_large_image\" \/>\n<meta name=\"twitter:title\" content=\"D\u00e9couvrez notre journ\u00e9e kick-off de rentr\u00e9e (janvier 2024)\" \/>\n<meta name=\"twitter:description\" content=\"D\u00e9couvrez ce qui attend nos \u00e9quipes lors de nos kick-off : r\u00e9sultats, objectifs, motivation mais aussi formations et surtout retrouvailles !\" \/>\n<meta name=\"twitter:image\" content=\"https:\/\/thebozz.be\/wp-content\/uploads\/2024\/07\/Capture-decran-2024-07-08-a-14.59.16.png\" \/>\n<script type=\"application\/ld+json\" class=\"yoast-schema-graph\">{\"@context\":\"https:\\\/\\\/schema.org\",\"@graph\":[{\"@type\":\"Article\",\"@id\":\"https:\\\/\\\/thebozz.be\\\/decouvrez-notre-journee-kick-off-de-rentree-janvier-2024\\\/#article\",\"isPartOf\":{\"@id\":\"https:\\\/\\\/thebozz.be\\\/decouvrez-notre-journee-kick-off-de-rentree-janvier-2024\\\/\"},\"author\":{\"name\":\"Leticia Jimenez\",\"@id\":\"https:\\\/\\\/thebozz.be\\\/#\\\/schema\\\/person\\\/d188cbe742e53ad597841329ae5e92f3\"},\"headline\":\"D\u00e9couvrez notre journ\u00e9e kick-off de rentr\u00e9e (janvier 2024)\",\"datePublished\":\"2024-07-08T14:03:40+00:00\",\"dateModified\":\"2024-07-09T07:08:40+00:00\",\"mainEntityOfPage\":{\"@id\":\"https:\\\/\\\/thebozz.be\\\/decouvrez-notre-journee-kick-off-de-rentree-janvier-2024\\\/\"},\"wordCount\":1764,\"commentCount\":0,\"publisher\":{\"@id\":\"https:\\\/\\\/thebozz.be\\\/#organization\"},\"image\":{\"@id\":\"https:\\\/\\\/thebozz.be\\\/decouvrez-notre-journee-kick-off-de-rentree-janvier-2024\\\/#primaryimage\"},\"thumbnailUrl\":\"https:\\\/\\\/thebozz.be\\\/wp-content\\\/uploads\\\/2024\\\/07\\\/Capture-decran-2024-07-08-a-14.59.16.png\",\"articleSection\":[\"La vie chez The Bozz\"],\"inLanguage\":\"nl-BE\",\"potentialAction\":[{\"@type\":\"CommentAction\",\"name\":\"Comment\",\"target\":[\"https:\\\/\\\/thebozz.be\\\/decouvrez-notre-journee-kick-off-de-rentree-janvier-2024\\\/#respond\"]}]},{\"@type\":\"WebPage\",\"@id\":\"https:\\\/\\\/thebozz.be\\\/decouvrez-notre-journee-kick-off-de-rentree-janvier-2024\\\/\",\"url\":\"https:\\\/\\\/thebozz.be\\\/decouvrez-notre-journee-kick-off-de-rentree-janvier-2024\\\/\",\"name\":\"D\u00e9couvrez notre journ\u00e9e kick-off de rentr\u00e9e (janvier 2024)\",\"isPartOf\":{\"@id\":\"https:\\\/\\\/thebozz.be\\\/#website\"},\"primaryImageOfPage\":{\"@id\":\"https:\\\/\\\/thebozz.be\\\/decouvrez-notre-journee-kick-off-de-rentree-janvier-2024\\\/#primaryimage\"},\"image\":{\"@id\":\"https:\\\/\\\/thebozz.be\\\/decouvrez-notre-journee-kick-off-de-rentree-janvier-2024\\\/#primaryimage\"},\"thumbnailUrl\":\"https:\\\/\\\/thebozz.be\\\/wp-content\\\/uploads\\\/2024\\\/07\\\/Capture-decran-2024-07-08-a-14.59.16.png\",\"datePublished\":\"2024-07-08T14:03:40+00:00\",\"dateModified\":\"2024-07-09T07:08:40+00:00\",\"description\":\"D\u00e9couvrez ce qui attend nos \u00e9quipes lors de nos kick-off : r\u00e9sultats, objectifs, motivation mais aussi formations et surtout retrouvailles !\",\"inLanguage\":\"nl-BE\",\"potentialAction\":[{\"@type\":\"ReadAction\",\"target\":[\"https:\\\/\\\/thebozz.be\\\/decouvrez-notre-journee-kick-off-de-rentree-janvier-2024\\\/\"]}]},{\"@type\":\"ImageObject\",\"inLanguage\":\"nl-BE\",\"@id\":\"https:\\\/\\\/thebozz.be\\\/decouvrez-notre-journee-kick-off-de-rentree-janvier-2024\\\/#primaryimage\",\"url\":\"https:\\\/\\\/thebozz.be\\\/wp-content\\\/uploads\\\/2024\\\/07\\\/Capture-decran-2024-07-08-a-14.59.16.png\",\"contentUrl\":\"https:\\\/\\\/thebozz.be\\\/wp-content\\\/uploads\\\/2024\\\/07\\\/Capture-decran-2024-07-08-a-14.59.16.png\",\"width\":1802,\"height\":1696,\"caption\":\"pr\u00e9sentation de notre kick-off de rentr\u00e9e\"},{\"@type\":\"WebSite\",\"@id\":\"https:\\\/\\\/thebozz.be\\\/#website\",\"url\":\"https:\\\/\\\/thebozz.be\\\/\",\"name\":\"thebozz.be\",\"description\":\"Recruit differently\",\"publisher\":{\"@id\":\"https:\\\/\\\/thebozz.be\\\/#organization\"},\"potentialAction\":[{\"@type\":\"SearchAction\",\"target\":{\"@type\":\"EntryPoint\",\"urlTemplate\":\"https:\\\/\\\/thebozz.be\\\/?s={search_term_string}\"},\"query-input\":{\"@type\":\"PropertyValueSpecification\",\"valueRequired\":true,\"valueName\":\"search_term_string\"}}],\"inLanguage\":\"nl-BE\"},{\"@type\":\"Organization\",\"@id\":\"https:\\\/\\\/thebozz.be\\\/#organization\",\"name\":\"The Bozz\",\"url\":\"https:\\\/\\\/thebozz.be\\\/\",\"logo\":{\"@type\":\"ImageObject\",\"inLanguage\":\"nl-BE\",\"@id\":\"https:\\\/\\\/thebozz.be\\\/#\\\/schema\\\/logo\\\/image\\\/\",\"url\":\"https:\\\/\\\/thebozz.be\\\/wp-content\\\/uploads\\\/2020\\\/09\\\/logo_thebozz_retina.png\",\"contentUrl\":\"https:\\\/\\\/thebozz.be\\\/wp-content\\\/uploads\\\/2020\\\/09\\\/logo_thebozz_retina.png\",\"width\":260,\"height\":260,\"caption\":\"The Bozz\"},\"image\":{\"@id\":\"https:\\\/\\\/thebozz.be\\\/#\\\/schema\\\/logo\\\/image\\\/\"},\"sameAs\":[\"https:\\\/\\\/www.facebook.com\\\/TheBozzBelgium\\\/\",\"https:\\\/\\\/www.linkedin.com\\\/company\\\/the-bozz\",\"https:\\\/\\\/www.instagram.com\\\/the_bozz_belgium\\\/\"]},{\"@type\":\"Person\",\"@id\":\"https:\\\/\\\/thebozz.be\\\/#\\\/schema\\\/person\\\/d188cbe742e53ad597841329ae5e92f3\",\"name\":\"Leticia Jimenez\",\"image\":{\"@type\":\"ImageObject\",\"inLanguage\":\"nl-BE\",\"@id\":\"https:\\\/\\\/secure.gravatar.com\\\/avatar\\\/6626207138e7f5e2fe6ad753fa229663d8a03e131f3241a703b574fee1807934?s=96&d=mm&r=g\",\"url\":\"https:\\\/\\\/secure.gravatar.com\\\/avatar\\\/6626207138e7f5e2fe6ad753fa229663d8a03e131f3241a703b574fee1807934?s=96&d=mm&r=g\",\"contentUrl\":\"https:\\\/\\\/secure.gravatar.com\\\/avatar\\\/6626207138e7f5e2fe6ad753fa229663d8a03e131f3241a703b574fee1807934?s=96&d=mm&r=g\",\"caption\":\"Leticia Jimenez\"},\"url\":\"https:\\\/\\\/thebozz.be\\\/nl\\\/author\\\/leticiajimenez\\\/\"}]}<\/script>\n<!-- \/ Yoast SEO plugin. -->","yoast_head_json":{"title":"D\u00e9couvrez notre journ\u00e9e kick-off de rentr\u00e9e (janvier 2024) | thebozz.be","description":"D\u00e9couvrez ce qui attend nos \u00e9quipes lors de nos kick-off : r\u00e9sultats, objectifs, motivation mais aussi formations et surtout retrouvailles !","robots":{"index":"index","follow":"follow","max-snippet":"max-snippet:-1","max-image-preview":"max-image-preview:large","max-video-preview":"max-video-preview:-1"},"canonical":"https:\/\/thebozz.be\/nl\/decouvrez-notre-journee-kick-off-de-rentree-janvier-2024\/","twitter_card":"summary_large_image","twitter_title":"[:en]D\u00e9couvrez notre journ\u00e9e kick-off de rentr\u00e9e (janvier 2024)[:] | thebozz.be","twitter_description":"D\u00e9couvrez ce qui attend nos \u00e9quipes lors de nos kick-off : r\u00e9sultats, objectifs, motivation mais aussi formations et surtout retrouvailles !","twitter_image":"https:\/\/thebozz.be\/wp-content\/uploads\/2024\/07\/Capture-decran-2024-07-08-a-14.59.16.png","schema":{"@context":"https:\/\/schema.org","@graph":[{"@type":"Article","@id":"https:\/\/thebozz.be\/decouvrez-notre-journee-kick-off-de-rentree-janvier-2024\/#article","isPartOf":{"@id":"https:\/\/thebozz.be\/decouvrez-notre-journee-kick-off-de-rentree-janvier-2024\/"},"author":{"name":"Leticia Jimenez","@id":"https:\/\/thebozz.be\/#\/schema\/person\/d188cbe742e53ad597841329ae5e92f3"},"headline":"D\u00e9couvrez notre journ\u00e9e kick-off de rentr\u00e9e (janvier 2024)","datePublished":"2024-07-08T14:03:40+00:00","dateModified":"2024-07-09T07:08:40+00:00","mainEntityOfPage":{"@id":"https:\/\/thebozz.be\/decouvrez-notre-journee-kick-off-de-rentree-janvier-2024\/"},"wordCount":1764,"commentCount":0,"publisher":{"@id":"https:\/\/thebozz.be\/#organization"},"image":{"@id":"https:\/\/thebozz.be\/decouvrez-notre-journee-kick-off-de-rentree-janvier-2024\/#primaryimage"},"thumbnailUrl":"https:\/\/thebozz.be\/wp-content\/uploads\/2024\/07\/Capture-decran-2024-07-08-a-14.59.16.png","articleSection":["La vie chez The Bozz"],"inLanguage":"nl-BE","potentialAction":[{"@type":"CommentAction","name":"Comment","target":["https:\/\/thebozz.be\/decouvrez-notre-journee-kick-off-de-rentree-janvier-2024\/#respond"]}]},{"@type":"WebPage","@id":"https:\/\/thebozz.be\/decouvrez-notre-journee-kick-off-de-rentree-janvier-2024\/","url":"https:\/\/thebozz.be\/decouvrez-notre-journee-kick-off-de-rentree-janvier-2024\/","name":"D\u00e9couvrez notre journ\u00e9e kick-off de rentr\u00e9e (janvier 2024)","isPartOf":{"@id":"https:\/\/thebozz.be\/#website"},"primaryImageOfPage":{"@id":"https:\/\/thebozz.be\/decouvrez-notre-journee-kick-off-de-rentree-janvier-2024\/#primaryimage"},"image":{"@id":"https:\/\/thebozz.be\/decouvrez-notre-journee-kick-off-de-rentree-janvier-2024\/#primaryimage"},"thumbnailUrl":"https:\/\/thebozz.be\/wp-content\/uploads\/2024\/07\/Capture-decran-2024-07-08-a-14.59.16.png","datePublished":"2024-07-08T14:03:40+00:00","dateModified":"2024-07-09T07:08:40+00:00","description":"D\u00e9couvrez ce qui attend nos \u00e9quipes lors de nos kick-off : r\u00e9sultats, objectifs, motivation mais aussi formations et surtout retrouvailles !","inLanguage":"nl-BE","potentialAction":[{"@type":"ReadAction","target":["https:\/\/thebozz.be\/decouvrez-notre-journee-kick-off-de-rentree-janvier-2024\/"]}]},{"@type":"ImageObject","inLanguage":"nl-BE","@id":"https:\/\/thebozz.be\/decouvrez-notre-journee-kick-off-de-rentree-janvier-2024\/#primaryimage","url":"https:\/\/thebozz.be\/wp-content\/uploads\/2024\/07\/Capture-decran-2024-07-08-a-14.59.16.png","contentUrl":"https:\/\/thebozz.be\/wp-content\/uploads\/2024\/07\/Capture-decran-2024-07-08-a-14.59.16.png","width":1802,"height":1696,"caption":"pr\u00e9sentation de notre kick-off de rentr\u00e9e"},{"@type":"WebSite","@id":"https:\/\/thebozz.be\/#website","url":"https:\/\/thebozz.be\/","name":"thebozz.be","description":"Recruit differently","publisher":{"@id":"https:\/\/thebozz.be\/#organization"},"potentialAction":[{"@type":"SearchAction","target":{"@type":"EntryPoint","urlTemplate":"https:\/\/thebozz.be\/?s={search_term_string}"},"query-input":{"@type":"PropertyValueSpecification","valueRequired":true,"valueName":"search_term_string"}}],"inLanguage":"nl-BE"},{"@type":"Organization","@id":"https:\/\/thebozz.be\/#organization","name":"The Bozz","url":"https:\/\/thebozz.be\/","logo":{"@type":"ImageObject","inLanguage":"nl-BE","@id":"https:\/\/thebozz.be\/#\/schema\/logo\/image\/","url":"https:\/\/thebozz.be\/wp-content\/uploads\/2020\/09\/logo_thebozz_retina.png","contentUrl":"https:\/\/thebozz.be\/wp-content\/uploads\/2020\/09\/logo_thebozz_retina.png","width":260,"height":260,"caption":"The Bozz"},"image":{"@id":"https:\/\/thebozz.be\/#\/schema\/logo\/image\/"},"sameAs":["https:\/\/www.facebook.com\/TheBozzBelgium\/","https:\/\/www.linkedin.com\/company\/the-bozz","https:\/\/www.instagram.com\/the_bozz_belgium\/"]},{"@type":"Person","@id":"https:\/\/thebozz.be\/#\/schema\/person\/d188cbe742e53ad597841329ae5e92f3","name":"Leticia Jimenez","image":{"@type":"ImageObject","inLanguage":"nl-BE","@id":"https:\/\/secure.gravatar.com\/avatar\/6626207138e7f5e2fe6ad753fa229663d8a03e131f3241a703b574fee1807934?s=96&d=mm&r=g","url":"https:\/\/secure.gravatar.com\/avatar\/6626207138e7f5e2fe6ad753fa229663d8a03e131f3241a703b574fee1807934?s=96&d=mm&r=g","contentUrl":"https:\/\/secure.gravatar.com\/avatar\/6626207138e7f5e2fe6ad753fa229663d8a03e131f3241a703b574fee1807934?s=96&d=mm&r=g","caption":"Leticia Jimenez"},"url":"https:\/\/thebozz.be\/nl\/author\/leticiajimenez\/"}]}},"_links":{"self":[{"href":"https:\/\/thebozz.be\/nl\/wp-json\/wp\/v2\/posts\/4835","targetHints":{"allow":["GET"]}}],"collection":[{"href":"https:\/\/thebozz.be\/nl\/wp-json\/wp\/v2\/posts"}],"about":[{"href":"https:\/\/thebozz.be\/nl\/wp-json\/wp\/v2\/types\/post"}],"author":[{"embeddable":true,"href":"https:\/\/thebozz.be\/nl\/wp-json\/wp\/v2\/users\/32"}],"replies":[{"embeddable":true,"href":"https:\/\/thebozz.be\/nl\/wp-json\/wp\/v2\/comments?post=4835"}],"version-history":[{"count":9,"href":"https:\/\/thebozz.be\/nl\/wp-json\/wp\/v2\/posts\/4835\/revisions"}],"predecessor-version":[{"id":4845,"href":"https:\/\/thebozz.be\/nl\/wp-json\/wp\/v2\/posts\/4835\/revisions\/4845"}],"wp:featuredmedia":[{"embeddable":true,"href":"https:\/\/thebozz.be\/nl\/wp-json\/wp\/v2\/media\/4837"}],"wp:attachment":[{"href":"https:\/\/thebozz.be\/nl\/wp-json\/wp\/v2\/media?parent=4835"}],"wp:term":[{"taxonomy":"category","embeddable":true,"href":"https:\/\/thebozz.be\/nl\/wp-json\/wp\/v2\/categories?post=4835"},{"taxonomy":"post_tag","embeddable":true,"href":"https:\/\/thebozz.be\/nl\/wp-json\/wp\/v2\/tags?post=4835"}],"curies":[{"name":"wp","href":"https:\/\/api.w.org\/{rel}","templated":true}]}}