{"id":5063,"date":"2025-07-10T11:53:28","date_gmt":"2025-07-10T11:53:28","guid":{"rendered":"https:\/\/thebozz.be\/?p=5063"},"modified":"2025-07-10T11:53:28","modified_gmt":"2025-07-10T11:53:28","slug":"fortes-chaleurs-quelles-obligations-pour-les-employeurs-en-belgique","status":"publish","type":"post","link":"https:\/\/thebozz.be\/nl\/fortes-chaleurs-quelles-obligations-pour-les-employeurs-en-belgique\/","title":{"rendered":"Fortes chaleurs : quelles obligations pour les employeurs en Belgique ?"},"content":{"rendered":"<div class=\"fusion-fullwidth fullwidth-box fusion-builder-row-1 fusion-flex-container has-pattern-background has-mask-background nonhundred-percent-fullwidth non-hundred-percent-height-scrolling\" style=\"--awb-border-radius-top-left:0px;--awb-border-radius-top-right:0px;--awb-border-radius-bottom-right:0px;--awb-border-radius-bottom-left:0px;--awb-flex-wrap:wrap;\" ><div class=\"fusion-builder-row fusion-row fusion-flex-align-items-flex-start fusion-flex-content-wrap\" style=\"max-width:1144px;margin-left: calc(-4% \/ 2 );margin-right: calc(-4% \/ 2 );\"><div class=\"fusion-layout-column fusion_builder_column fusion-builder-column-0 fusion_builder_column_1_1 1_1 fusion-flex-column\" style=\"--awb-bg-size:cover;--awb-width-large:100%;--awb-margin-top-large:0px;--awb-spacing-right-large:1.92%;--awb-margin-bottom-large:20px;--awb-spacing-left-large:1.92%;--awb-width-medium:100%;--awb-order-medium:0;--awb-spacing-right-medium:1.92%;--awb-spacing-left-medium:1.92%;--awb-width-small:100%;--awb-order-small:0;--awb-spacing-right-small:1.92%;--awb-spacing-left-small:1.92%;\"><div class=\"fusion-column-wrapper fusion-column-has-shadow fusion-flex-justify-content-flex-start fusion-content-layout-column\"><div class=\"fusion-text fusion-text-1\" style=\"--awb-margin-top:-10%;\"><p><iframe title=\"YouTube video player\" src=\"https:\/\/www.youtube.com\/embed\/IShY62Nld_I?si=2VhPy1Wru1d1ZHtA\" width=\"560\" height=\"315\" frameborder=\"0\" allowfullscreen=\"allowfullscreen\"><\/iframe><\/p>\n<\/div><div class=\"fusion-text fusion-text-2\"><p>L\u2019\u00e9t\u00e9 belge n\u2019est pas toujours synonyme de grisaille ! Lors des p\u00e9riodes de fortes chaleurs, les conditions de travail peuvent rapidement devenir \u00e9prouvantes, voire dangereuses. En Belgique, l\u2019employeur a des <strong>obligations l\u00e9gales<\/strong> pour garantir le bien-\u00eatre et la s\u00e9curit\u00e9 de ses travailleurs. Voici ce qu\u2019il doit mettre en place en cas de canicule.<\/p>\n<h2>Le cadre l\u00e9gal belge<\/h2>\n<p>En Belgique, le <strong>Code du bien-\u00eatre au travail<\/strong> impose aux entreprises de prendre toutes les mesures n\u00e9cessaires pour prot\u00e9ger leurs travailleurs contre les risques li\u00e9s \u00e0 la chaleur.<br \/>\n\u00c0 partir d\u2019un certain seuil de <strong>temp\u00e9rature maximale<\/strong>, mesur\u00e9e via un thermom\u00e8tre sp\u00e9cial, des <strong>mesures de pr\u00e9vention<\/strong> doivent \u00eatre activ\u00e9es.<\/p>\n<h2>5 mesures concr\u00e8tes \u00e0 mettre en place<\/h2>\n<h3>1. <strong>Syst\u00e8mes de ventilation ou refroidissement<\/strong><\/h3>\n<p>L\u2019a\u00e9ration des locaux est essentielle. L\u2019employeur doit :<\/p>\n<ul>\n<li>Assurer une <strong>bonne ventilation naturelle ou m\u00e9canique<\/strong><\/li>\n<li>Ou, si n\u00e9cessaire, installer des <strong>syst\u00e8mes de refroidissement <\/strong>(climatisation, ventilateurs)<\/li>\n<\/ul>\n<h3>2. <strong>Mise \u00e0 disposition d\u2019eau fra\u00eeche gratuite<\/strong><\/h3>\n<p>D\u00e8s que la temp\u00e9rature d\u00e9passe les seuils critiques, <strong>de l\u2019eau fra\u00eeche potable<\/strong> doit \u00eatre mise \u00e0 disposition gratuitement et en quantit\u00e9 suffisante.<\/p>\n<h3>3. <strong>Rythme de travail adapt\u00e9 et pauses fr\u00e9quentes<\/strong><\/h3>\n<p>L\u2019employeur doit :<\/p>\n<ul>\n<li>Organiser des <strong>pauses suppl\u00e9mentaires<\/strong> dans des endroits frais ou \u00e0 l\u2019ombre<\/li>\n<li><strong>R\u00e9duire l\u2019intensit\u00e9 du travail<\/strong><\/li>\n<li>Eventuellement <strong>r\u00e9am\u00e9nager les horaires<\/strong> (commencer plus t\u00f4t, terminer plus tard)<\/li>\n<\/ul>\n<h3>4. <strong>Arr\u00eat temporaire de l\u2019activit\u00e9<\/strong><\/h3>\n<p>Si, malgr\u00e9 tout, les conditions deviennent insupportables et mettent la sant\u00e9 des travailleurs en danger, l\u2019employeur peut suspendre le travail.<br \/>\nVous serez plac\u00e9 en <b>intemp\u00e9rie <\/b>et b\u00e9n\u00e9ficierez du <strong>ch\u00f4mage temporaire<\/strong> via l\u2019ONEM.<\/p>\n<h2>Qui est concern\u00e9 ?<\/h2>\n<p>Tous les secteurs peuvent \u00eatre touch\u00e9s, mais les plus expos\u00e9s sont :<\/p>\n<ul>\n<li>Le <strong>b\u00e2timent et la construction<\/strong><\/li>\n<li>L\u2019<strong>industrie<\/strong><\/li>\n<li>La <strong>logistique et le transport<\/strong>,<\/li>\n<li>L\u2019<strong>agriculture<\/strong><\/li>\n<\/ul>\n<p>N&#8217;h\u00e9sitez pas \u00e0 en parler \u00e0 votre employeur ou \u00e0 nous contacter si vous avez la moindre question.<\/p>\n<\/div><\/div><\/div><\/div><\/div>\n","protected":false},"excerpt":{"rendered":"","protected":false},"author":32,"featured_media":5064,"comment_status":"open","ping_status":"closed","sticky":false,"template":"","format":"standard","meta":{"_acf_changed":false,"footnotes":""},"categories":[4],"tags":[],"class_list":["post-5063","post","type-post","status-publish","format-standard","has-post-thumbnail","hentry","category-recherche-demploi"],"acf":[],"yoast_head":"<!-- This site is optimized with the Yoast SEO plugin v27.4 - https:\/\/yoast.com\/product\/yoast-seo-wordpress\/ -->\n<title>Fortes chaleurs : quelles obligations des employeurs en Belgique ?<\/title>\n<meta name=\"description\" content=\"Les conditions de travail doivent \u00eatre adapt\u00e9es lors des fortes chaleurs, d\u00e9couvrez les ici !\" \/>\n<meta name=\"robots\" content=\"index, follow, max-snippet:-1, max-image-preview:large, max-video-preview:-1\" \/>\n<link rel=\"canonical\" href=\"https:\/\/thebozz.be\/nl\/fortes-chaleurs-quelles-obligations-pour-les-employeurs-en-belgique\/\" \/>\n<meta name=\"twitter:card\" content=\"summary_large_image\" \/>\n<meta name=\"twitter:title\" content=\"Fortes chaleurs : quelles obligations des employeurs en Belgique ?\" \/>\n<meta name=\"twitter:description\" content=\"Les conditions de travail doivent \u00eatre adapt\u00e9es lors des fortes chaleurs, d\u00e9couvrez les ici !\" \/>\n<meta name=\"twitter:image\" content=\"https:\/\/thebozz.be\/wp-content\/uploads\/2025\/07\/Capture-decran-2025-07-10-a-12.13.36.png\" \/>\n<script type=\"application\/ld+json\" class=\"yoast-schema-graph\">{\"@context\":\"https:\\\/\\\/schema.org\",\"@graph\":[{\"@type\":\"Article\",\"@id\":\"https:\\\/\\\/thebozz.be\\\/fortes-chaleurs-quelles-obligations-pour-les-employeurs-en-belgique\\\/#article\",\"isPartOf\":{\"@id\":\"https:\\\/\\\/thebozz.be\\\/fortes-chaleurs-quelles-obligations-pour-les-employeurs-en-belgique\\\/\"},\"author\":{\"name\":\"Leticia Jimenez\",\"@id\":\"https:\\\/\\\/thebozz.be\\\/#\\\/schema\\\/person\\\/d188cbe742e53ad597841329ae5e92f3\"},\"headline\":\"Fortes chaleurs : quelles obligations pour les employeurs en Belgique ?\",\"datePublished\":\"2025-07-10T11:53:28+00:00\",\"mainEntityOfPage\":{\"@id\":\"https:\\\/\\\/thebozz.be\\\/fortes-chaleurs-quelles-obligations-pour-les-employeurs-en-belgique\\\/\"},\"wordCount\":1382,\"commentCount\":0,\"publisher\":{\"@id\":\"https:\\\/\\\/thebozz.be\\\/#organization\"},\"image\":{\"@id\":\"https:\\\/\\\/thebozz.be\\\/fortes-chaleurs-quelles-obligations-pour-les-employeurs-en-belgique\\\/#primaryimage\"},\"thumbnailUrl\":\"https:\\\/\\\/thebozz.be\\\/wp-content\\\/uploads\\\/2025\\\/07\\\/Capture-decran-2025-07-10-a-12.13.36.png\",\"articleSection\":[\"Recherche d\u2019emploi\"],\"inLanguage\":\"nl-BE\",\"potentialAction\":[{\"@type\":\"CommentAction\",\"name\":\"Comment\",\"target\":[\"https:\\\/\\\/thebozz.be\\\/fortes-chaleurs-quelles-obligations-pour-les-employeurs-en-belgique\\\/#respond\"]}]},{\"@type\":\"WebPage\",\"@id\":\"https:\\\/\\\/thebozz.be\\\/fortes-chaleurs-quelles-obligations-pour-les-employeurs-en-belgique\\\/\",\"url\":\"https:\\\/\\\/thebozz.be\\\/fortes-chaleurs-quelles-obligations-pour-les-employeurs-en-belgique\\\/\",\"name\":\"Fortes chaleurs : quelles obligations des employeurs en Belgique ?\",\"isPartOf\":{\"@id\":\"https:\\\/\\\/thebozz.be\\\/#website\"},\"primaryImageOfPage\":{\"@id\":\"https:\\\/\\\/thebozz.be\\\/fortes-chaleurs-quelles-obligations-pour-les-employeurs-en-belgique\\\/#primaryimage\"},\"image\":{\"@id\":\"https:\\\/\\\/thebozz.be\\\/fortes-chaleurs-quelles-obligations-pour-les-employeurs-en-belgique\\\/#primaryimage\"},\"thumbnailUrl\":\"https:\\\/\\\/thebozz.be\\\/wp-content\\\/uploads\\\/2025\\\/07\\\/Capture-decran-2025-07-10-a-12.13.36.png\",\"datePublished\":\"2025-07-10T11:53:28+00:00\",\"description\":\"Les conditions de travail doivent \u00eatre adapt\u00e9es lors des fortes chaleurs, d\u00e9couvrez les ici !\",\"inLanguage\":\"nl-BE\",\"potentialAction\":[{\"@type\":\"ReadAction\",\"target\":[\"https:\\\/\\\/thebozz.be\\\/fortes-chaleurs-quelles-obligations-pour-les-employeurs-en-belgique\\\/\"]}]},{\"@type\":\"ImageObject\",\"inLanguage\":\"nl-BE\",\"@id\":\"https:\\\/\\\/thebozz.be\\\/fortes-chaleurs-quelles-obligations-pour-les-employeurs-en-belgique\\\/#primaryimage\",\"url\":\"https:\\\/\\\/thebozz.be\\\/wp-content\\\/uploads\\\/2025\\\/07\\\/Capture-decran-2025-07-10-a-12.13.36.png\",\"contentUrl\":\"https:\\\/\\\/thebozz.be\\\/wp-content\\\/uploads\\\/2025\\\/07\\\/Capture-decran-2025-07-10-a-12.13.36.png\",\"width\":582,\"height\":516,\"caption\":\"lors de fortes chaleurs, l'employeur a des obligations, c'est ce qu'explique cet article et cette vid\u00e9o\"},{\"@type\":\"WebSite\",\"@id\":\"https:\\\/\\\/thebozz.be\\\/#website\",\"url\":\"https:\\\/\\\/thebozz.be\\\/\",\"name\":\"thebozz.be\",\"description\":\"Recruit differently\",\"publisher\":{\"@id\":\"https:\\\/\\\/thebozz.be\\\/#organization\"},\"potentialAction\":[{\"@type\":\"SearchAction\",\"target\":{\"@type\":\"EntryPoint\",\"urlTemplate\":\"https:\\\/\\\/thebozz.be\\\/?s={search_term_string}\"},\"query-input\":{\"@type\":\"PropertyValueSpecification\",\"valueRequired\":true,\"valueName\":\"search_term_string\"}}],\"inLanguage\":\"nl-BE\"},{\"@type\":\"Organization\",\"@id\":\"https:\\\/\\\/thebozz.be\\\/#organization\",\"name\":\"The Bozz\",\"url\":\"https:\\\/\\\/thebozz.be\\\/\",\"logo\":{\"@type\":\"ImageObject\",\"inLanguage\":\"nl-BE\",\"@id\":\"https:\\\/\\\/thebozz.be\\\/#\\\/schema\\\/logo\\\/image\\\/\",\"url\":\"https:\\\/\\\/thebozz.be\\\/wp-content\\\/uploads\\\/2020\\\/09\\\/logo_thebozz_retina.png\",\"contentUrl\":\"https:\\\/\\\/thebozz.be\\\/wp-content\\\/uploads\\\/2020\\\/09\\\/logo_thebozz_retina.png\",\"width\":260,\"height\":260,\"caption\":\"The Bozz\"},\"image\":{\"@id\":\"https:\\\/\\\/thebozz.be\\\/#\\\/schema\\\/logo\\\/image\\\/\"},\"sameAs\":[\"https:\\\/\\\/www.facebook.com\\\/TheBozzBelgium\\\/\",\"https:\\\/\\\/www.linkedin.com\\\/company\\\/the-bozz\",\"https:\\\/\\\/www.instagram.com\\\/the_bozz_belgium\\\/\"]},{\"@type\":\"Person\",\"@id\":\"https:\\\/\\\/thebozz.be\\\/#\\\/schema\\\/person\\\/d188cbe742e53ad597841329ae5e92f3\",\"name\":\"Leticia Jimenez\",\"image\":{\"@type\":\"ImageObject\",\"inLanguage\":\"nl-BE\",\"@id\":\"https:\\\/\\\/secure.gravatar.com\\\/avatar\\\/6626207138e7f5e2fe6ad753fa229663d8a03e131f3241a703b574fee1807934?s=96&d=mm&r=g\",\"url\":\"https:\\\/\\\/secure.gravatar.com\\\/avatar\\\/6626207138e7f5e2fe6ad753fa229663d8a03e131f3241a703b574fee1807934?s=96&d=mm&r=g\",\"contentUrl\":\"https:\\\/\\\/secure.gravatar.com\\\/avatar\\\/6626207138e7f5e2fe6ad753fa229663d8a03e131f3241a703b574fee1807934?s=96&d=mm&r=g\",\"caption\":\"Leticia Jimenez\"},\"url\":\"https:\\\/\\\/thebozz.be\\\/nl\\\/author\\\/leticiajimenez\\\/\"}]}<\/script>\n<!-- \/ Yoast SEO plugin. -->","yoast_head_json":{"title":"Fortes chaleurs : quelles obligations des employeurs en Belgique ?","description":"Les conditions de travail doivent \u00eatre adapt\u00e9es lors des fortes chaleurs, d\u00e9couvrez les ici !","robots":{"index":"index","follow":"follow","max-snippet":"max-snippet:-1","max-image-preview":"max-image-preview:large","max-video-preview":"max-video-preview:-1"},"canonical":"https:\/\/thebozz.be\/nl\/fortes-chaleurs-quelles-obligations-pour-les-employeurs-en-belgique\/","twitter_card":"summary_large_image","twitter_title":"[:en]Fortes chaleurs : quelles obligations des employeurs en Belgique ?[:]","twitter_description":"[:en]Les conditions de travail doivent \u00eatre adapt\u00e9es lors des fortes chaleurs, d\u00e9couvrez les ici ![:]","twitter_image":"https:\/\/thebozz.be\/wp-content\/uploads\/2025\/07\/Capture-decran-2025-07-10-a-12.13.36.png","schema":{"@context":"https:\/\/schema.org","@graph":[{"@type":"Article","@id":"https:\/\/thebozz.be\/fortes-chaleurs-quelles-obligations-pour-les-employeurs-en-belgique\/#article","isPartOf":{"@id":"https:\/\/thebozz.be\/fortes-chaleurs-quelles-obligations-pour-les-employeurs-en-belgique\/"},"author":{"name":"Leticia Jimenez","@id":"https:\/\/thebozz.be\/#\/schema\/person\/d188cbe742e53ad597841329ae5e92f3"},"headline":"Fortes chaleurs : quelles obligations pour les employeurs en Belgique ?","datePublished":"2025-07-10T11:53:28+00:00","mainEntityOfPage":{"@id":"https:\/\/thebozz.be\/fortes-chaleurs-quelles-obligations-pour-les-employeurs-en-belgique\/"},"wordCount":1382,"commentCount":0,"publisher":{"@id":"https:\/\/thebozz.be\/#organization"},"image":{"@id":"https:\/\/thebozz.be\/fortes-chaleurs-quelles-obligations-pour-les-employeurs-en-belgique\/#primaryimage"},"thumbnailUrl":"https:\/\/thebozz.be\/wp-content\/uploads\/2025\/07\/Capture-decran-2025-07-10-a-12.13.36.png","articleSection":["Recherche d\u2019emploi"],"inLanguage":"nl-BE","potentialAction":[{"@type":"CommentAction","name":"Comment","target":["https:\/\/thebozz.be\/fortes-chaleurs-quelles-obligations-pour-les-employeurs-en-belgique\/#respond"]}]},{"@type":"WebPage","@id":"https:\/\/thebozz.be\/fortes-chaleurs-quelles-obligations-pour-les-employeurs-en-belgique\/","url":"https:\/\/thebozz.be\/fortes-chaleurs-quelles-obligations-pour-les-employeurs-en-belgique\/","name":"Fortes chaleurs : quelles obligations des employeurs en Belgique ?","isPartOf":{"@id":"https:\/\/thebozz.be\/#website"},"primaryImageOfPage":{"@id":"https:\/\/thebozz.be\/fortes-chaleurs-quelles-obligations-pour-les-employeurs-en-belgique\/#primaryimage"},"image":{"@id":"https:\/\/thebozz.be\/fortes-chaleurs-quelles-obligations-pour-les-employeurs-en-belgique\/#primaryimage"},"thumbnailUrl":"https:\/\/thebozz.be\/wp-content\/uploads\/2025\/07\/Capture-decran-2025-07-10-a-12.13.36.png","datePublished":"2025-07-10T11:53:28+00:00","description":"Les conditions de travail doivent \u00eatre adapt\u00e9es lors des fortes chaleurs, d\u00e9couvrez les ici !","inLanguage":"nl-BE","potentialAction":[{"@type":"ReadAction","target":["https:\/\/thebozz.be\/fortes-chaleurs-quelles-obligations-pour-les-employeurs-en-belgique\/"]}]},{"@type":"ImageObject","inLanguage":"nl-BE","@id":"https:\/\/thebozz.be\/fortes-chaleurs-quelles-obligations-pour-les-employeurs-en-belgique\/#primaryimage","url":"https:\/\/thebozz.be\/wp-content\/uploads\/2025\/07\/Capture-decran-2025-07-10-a-12.13.36.png","contentUrl":"https:\/\/thebozz.be\/wp-content\/uploads\/2025\/07\/Capture-decran-2025-07-10-a-12.13.36.png","width":582,"height":516,"caption":"lors de fortes chaleurs, l'employeur a des obligations, c'est ce qu'explique cet article et cette vid\u00e9o"},{"@type":"WebSite","@id":"https:\/\/thebozz.be\/#website","url":"https:\/\/thebozz.be\/","name":"thebozz.be","description":"Recruit differently","publisher":{"@id":"https:\/\/thebozz.be\/#organization"},"potentialAction":[{"@type":"SearchAction","target":{"@type":"EntryPoint","urlTemplate":"https:\/\/thebozz.be\/?s={search_term_string}"},"query-input":{"@type":"PropertyValueSpecification","valueRequired":true,"valueName":"search_term_string"}}],"inLanguage":"nl-BE"},{"@type":"Organization","@id":"https:\/\/thebozz.be\/#organization","name":"The Bozz","url":"https:\/\/thebozz.be\/","logo":{"@type":"ImageObject","inLanguage":"nl-BE","@id":"https:\/\/thebozz.be\/#\/schema\/logo\/image\/","url":"https:\/\/thebozz.be\/wp-content\/uploads\/2020\/09\/logo_thebozz_retina.png","contentUrl":"https:\/\/thebozz.be\/wp-content\/uploads\/2020\/09\/logo_thebozz_retina.png","width":260,"height":260,"caption":"The Bozz"},"image":{"@id":"https:\/\/thebozz.be\/#\/schema\/logo\/image\/"},"sameAs":["https:\/\/www.facebook.com\/TheBozzBelgium\/","https:\/\/www.linkedin.com\/company\/the-bozz","https:\/\/www.instagram.com\/the_bozz_belgium\/"]},{"@type":"Person","@id":"https:\/\/thebozz.be\/#\/schema\/person\/d188cbe742e53ad597841329ae5e92f3","name":"Leticia Jimenez","image":{"@type":"ImageObject","inLanguage":"nl-BE","@id":"https:\/\/secure.gravatar.com\/avatar\/6626207138e7f5e2fe6ad753fa229663d8a03e131f3241a703b574fee1807934?s=96&d=mm&r=g","url":"https:\/\/secure.gravatar.com\/avatar\/6626207138e7f5e2fe6ad753fa229663d8a03e131f3241a703b574fee1807934?s=96&d=mm&r=g","contentUrl":"https:\/\/secure.gravatar.com\/avatar\/6626207138e7f5e2fe6ad753fa229663d8a03e131f3241a703b574fee1807934?s=96&d=mm&r=g","caption":"Leticia Jimenez"},"url":"https:\/\/thebozz.be\/nl\/author\/leticiajimenez\/"}]}},"_links":{"self":[{"href":"https:\/\/thebozz.be\/nl\/wp-json\/wp\/v2\/posts\/5063","targetHints":{"allow":["GET"]}}],"collection":[{"href":"https:\/\/thebozz.be\/nl\/wp-json\/wp\/v2\/posts"}],"about":[{"href":"https:\/\/thebozz.be\/nl\/wp-json\/wp\/v2\/types\/post"}],"author":[{"embeddable":true,"href":"https:\/\/thebozz.be\/nl\/wp-json\/wp\/v2\/users\/32"}],"replies":[{"embeddable":true,"href":"https:\/\/thebozz.be\/nl\/wp-json\/wp\/v2\/comments?post=5063"}],"version-history":[{"count":6,"href":"https:\/\/thebozz.be\/nl\/wp-json\/wp\/v2\/posts\/5063\/revisions"}],"predecessor-version":[{"id":5070,"href":"https:\/\/thebozz.be\/nl\/wp-json\/wp\/v2\/posts\/5063\/revisions\/5070"}],"wp:featuredmedia":[{"embeddable":true,"href":"https:\/\/thebozz.be\/nl\/wp-json\/wp\/v2\/media\/5064"}],"wp:attachment":[{"href":"https:\/\/thebozz.be\/nl\/wp-json\/wp\/v2\/media?parent=5063"}],"wp:term":[{"taxonomy":"category","embeddable":true,"href":"https:\/\/thebozz.be\/nl\/wp-json\/wp\/v2\/categories?post=5063"},{"taxonomy":"post_tag","embeddable":true,"href":"https:\/\/thebozz.be\/nl\/wp-json\/wp\/v2\/tags?post=5063"}],"curies":[{"name":"wp","href":"https:\/\/api.w.org\/{rel}","templated":true}]}}